{"id":7653,"date":"2019-08-02T08:36:36","date_gmt":"2019-08-02T06:36:36","guid":{"rendered":"http:\/\/top.textil\/?p=7653"},"modified":"2020-09-08T13:35:57","modified_gmt":"2020-09-08T11:35:57","slug":"prosty-sposob-na-stylowe-garden-party","status":"publish","type":"post","link":"https:\/\/www.toptextil.pl\/ro\/prosty-sposob-na-stylowe-garden-party\/","title":{"rendered":"MEETBLOGIN 2019"},"content":{"rendered":"\n<p>Czy mo\u017ce by\u0107 co\u015b pi\u0119kniejszego od popo\u0142udnia sp\u0119dzonego w zaciszu w\u0142asnego ogrodu? A gdyby tak jeszcze zaprosi\u0107 znajomych na wsp\u00f3lne \u015bwi\u0119towanie w ogrodzie? To ju\u017c zupe\u0142nie idealna opcja na letni wiecz\u00f3r.<br>Czy potrzeba du\u017cych nak\u0142ad\u00f3w, \u017ceby zorganizowa\u0107 stylowe garden party we w\u0142asnym ogr\u00f3dku? Ot\u00f3\u017c nie. Przekonali\u015bmy si\u0119 o tym na w\u0142asne oczy na Meetblogin.<\/p>\n\n\n\n<figure class=\"wp-block-gallery aligncenter columns-2 is-cropped wp-block-gallery-1 is-layout-flex wp-block-gallery-is-layout-flex\"><ul class=\"blocks-gallery-grid\"><li class=\"blocks-gallery-item\"><figure><img loading=\"lazy\" decoding=\"async\" width=\"533\" height=\"800\" src=\"https:\/\/www.toptextil.pl\/wp-content\/uploads\/2020\/09\/meetblogin-toptextil-7-e1564729781355.jpg\" alt=\"Meetblogin Toptextil 7 E1564729781355\" data-id=\"7658\" data-full-url=\"https:\/\/www.toptextil.pl\/wp-content\/uploads\/2020\/09\/meetblogin-toptextil-7-e1564729781355.jpg\" data-link=\"https:\/\/www.toptextil.pl\/prosty-sposob-na-stylowe-garden-party\/meetblogin-toptextil-7-e1564729781355\/\" class=\"wp-image-7658\" srcset=\"https:\/\/www.toptextil.pl\/wp-content\/uploads\/2020\/09\/meetblogin-toptextil-7-e1564729781355.jpg 533w, https:\/\/www.toptextil.pl\/wp-content\/uploads\/2020\/09\/meetblogin-toptextil-7-e1564729781355-200x300.jpg 200w\" sizes=\"auto, (max-width: 533px) 100vw, 533px\" \/><\/figure><\/li><li class=\"blocks-gallery-item\"><figure><img loading=\"lazy\" decoding=\"async\" width=\"533\" height=\"800\" src=\"https:\/\/www.toptextil.pl\/wp-content\/uploads\/2020\/09\/meetblogin-toptextil-1-e1564729813845.jpg\" alt=\"Meetblogin Toptextil 1 E1564729813845\" data-id=\"7662\" data-full-url=\"https:\/\/www.toptextil.pl\/wp-content\/uploads\/2020\/09\/meetblogin-toptextil-1-e1564729813845.jpg\" data-link=\"https:\/\/www.toptextil.pl\/prosty-sposob-na-stylowe-garden-party\/meetblogin-toptextil-1-e1564729813845\/\" class=\"wp-image-7662\" srcset=\"https:\/\/www.toptextil.pl\/wp-content\/uploads\/2020\/09\/meetblogin-toptextil-1-e1564729813845.jpg 533w, https:\/\/www.toptextil.pl\/wp-content\/uploads\/2020\/09\/meetblogin-toptextil-1-e1564729813845-200x300.jpg 200w\" sizes=\"auto, (max-width: 533px) 100vw, 533px\" \/><\/figure><\/li><\/ul><\/figure>\n\n\n\n<p>Naszej utalentowanej designerce i organizatorce Meetblogin \u2013 Uli Michalak z Interiors Design Blog wystarczy\u0142o kilka palet, kilkana\u015bcie mi\u0119kkich poduch i puf, oryginalne dekoracje kwiatowe i o\u015bwietlenie oraz \u2026 obrus, kt\u00f3rego zaszczytn\u0105 rol\u0119 przy ogrodowym stole pe\u0142ni\u0142a tkanina Tender.<\/p>\n\n\n\n<figure class=\"wp-block-gallery aligncenter columns-2 is-cropped wp-block-gallery-2 is-layout-flex wp-block-gallery-is-layout-flex\"><ul class=\"blocks-gallery-grid\"><li class=\"blocks-gallery-item\"><figure><img loading=\"lazy\" decoding=\"async\" width=\"533\" height=\"800\" src=\"https:\/\/www.toptextil.pl\/wp-content\/uploads\/2020\/09\/meetblogin-toptextil-6-e1564729909746.jpg\" alt=\"Meetblogin Toptextil 6 E1564729909746\" data-id=\"7666\" data-full-url=\"https:\/\/www.toptextil.pl\/wp-content\/uploads\/2020\/09\/meetblogin-toptextil-6-e1564729909746.jpg\" data-link=\"https:\/\/www.toptextil.pl\/prosty-sposob-na-stylowe-garden-party\/meetblogin-toptextil-6-e1564729909746\/\" class=\"wp-image-7666\" srcset=\"https:\/\/www.toptextil.pl\/wp-content\/uploads\/2020\/09\/meetblogin-toptextil-6-e1564729909746.jpg 533w, https:\/\/www.toptextil.pl\/wp-content\/uploads\/2020\/09\/meetblogin-toptextil-6-e1564729909746-200x300.jpg 200w\" sizes=\"auto, (max-width: 533px) 100vw, 533px\" \/><\/figure><\/li><li class=\"blocks-gallery-item\"><figure><img loading=\"lazy\" decoding=\"async\" width=\"533\" height=\"800\" src=\"https:\/\/www.toptextil.pl\/wp-content\/uploads\/2020\/09\/metblogin-toptextil-5-e1564729958800.jpg\" alt=\"Metblogin Toptextil 5 E1564729958800\" data-id=\"7668\" data-full-url=\"https:\/\/www.toptextil.pl\/wp-content\/uploads\/2020\/09\/metblogin-toptextil-5-e1564729958800.jpg\" data-link=\"https:\/\/www.toptextil.pl\/prosty-sposob-na-stylowe-garden-party\/metblogin-toptextil-5-e1564729958800\/\" class=\"wp-image-7668\" srcset=\"https:\/\/www.toptextil.pl\/wp-content\/uploads\/2020\/09\/metblogin-toptextil-5-e1564729958800.jpg 533w, https:\/\/www.toptextil.pl\/wp-content\/uploads\/2020\/09\/metblogin-toptextil-5-e1564729958800-200x300.jpg 200w\" sizes=\"auto, (max-width: 533px) 100vw, 533px\" \/><\/figure><\/li><\/ul><\/figure>\n\n\n\n<p>Ca\u0142o\u015b\u0107 aran\u017cacji utrzymana zosta\u0142a w stonowanej kolorystyce i \u015bwietnie komponuje si\u0119 z etnicznymi wzorami na poduchach i kwiatami w wazonach z przydymionego szk\u0142a.<\/p>\n\n\n\n<div class=\"wp-block-image\"><figure class=\"aligncenter size-large\"><img loading=\"lazy\" decoding=\"async\" width=\"800\" height=\"533\" src=\"https:\/\/www.toptextil.pl\/wp-content\/uploads\/2020\/09\/meetblogin-toptextil-4-e1564730063136.jpg\" alt=\"Meetblogin Toptextil 4 E1564730063136\" class=\"wp-image-7671\" srcset=\"https:\/\/www.toptextil.pl\/wp-content\/uploads\/2020\/09\/meetblogin-toptextil-4-e1564730063136.jpg 800w, https:\/\/www.toptextil.pl\/wp-content\/uploads\/2020\/09\/meetblogin-toptextil-4-e1564730063136-300x200.jpg 300w, https:\/\/www.toptextil.pl\/wp-content\/uploads\/2020\/09\/meetblogin-toptextil-4-e1564730063136-768x512.jpg 768w\" sizes=\"auto, (max-width: 800px) 100vw, 800px\" \/><\/figure><\/div>\n\n\n\n<p>W aran\u017cacji u\u017cyto:<br>Poduszki i pufy <a href=\"https:\/\/jysk.pl\/\">JYSK<\/a><br>Oprawa kwiatowa: <a href=\"https:\/\/zielone-sciany.pl\/\">www.zielone-sciany.pl<\/a><br>Girlandy \u015bwietlne <a href=\"https:\/\/markslojd.prowly.com\/\">Marksl\u00f6jd<\/a><br>Obrus <a href=\"\/kolekcja\/tender\/\">Tkanina Tender nr 519<\/a><br>Zdj\u0119cia: <a href=\"https:\/\/kaboompics.com\/\">Kaboompics<\/a><\/p>\n\n\n\n<p>Dla tych, kt\u00f3rzy garden party upodobali sobie tak bardzo, \u017ce b\u0119d\u0105 je urz\u0105dza\u0107 przez ca\u0142y sezon, a tak\u017ce dla tych dla kt\u00f3rych wygodne i funkcjonalne meble w ogrodzie to absolutny must have proponujemy meble w <a href=\"\/kolekcje\/tkaniny-ogrodowe\/\">tkaninach outdoorowych<\/a>, kt\u00f3re stworzone zosta\u0142y specjalnie po to, aby sprosta\u0107 trudnym warunkom atmosferycznym i kapry\u015bnej pogodzie.<\/p>\n\n\n\n<div class=\"wp-block-image\"><figure class=\"aligncenter size-large\"><img loading=\"lazy\" decoding=\"async\" width=\"800\" height=\"533\" src=\"https:\/\/www.toptextil.pl\/wp-content\/uploads\/2020\/09\/portoriko-e1564730762669.jpg\" alt=\"Portoriko E1564730762669\" class=\"wp-image-7674\" srcset=\"https:\/\/www.toptextil.pl\/wp-content\/uploads\/2020\/09\/portoriko-e1564730762669.jpg 800w, https:\/\/www.toptextil.pl\/wp-content\/uploads\/2020\/09\/portoriko-e1564730762669-300x200.jpg 300w, https:\/\/www.toptextil.pl\/wp-content\/uploads\/2020\/09\/portoriko-e1564730762669-768x512.jpg 768w\" sizes=\"auto, (max-width: 800px) 100vw, 800px\" \/><\/figure><\/div>\n","protected":false},"excerpt":{"rendered":"<p>Czy mo\u017ce by\u0107 co\u015b pi\u0119kniejszego od popo\u0142udnia sp\u0119dzonego w zaciszu w\u0142asnego ogrodu? A gdyby tak jeszcze zaprosi\u0107 znajomych na wsp\u00f3lne \u015bwi\u0119towanie w ogrodzie? To ju\u017c zupe\u0142nie idealna opcja na letni wiecz\u00f3r.Czy potrzeba du\u017cych nak\u0142ad\u00f3w, \u017ceby zorganizowa\u0107 stylowe garden party we w\u0142asnym ogr\u00f3dku? Ot\u00f3\u017c nie. Przekonali\u015bmy si\u0119 o tym na w\u0142asne oczy na Meetblogin. Naszej utalentowanej [&hellip;]<\/p>\n","protected":false},"author":5,"featured_media":7821,"comment_status":"open","ping_status":"open","sticky":false,"template":"","format":"standard","meta":{"footnotes":""},"categories":[1],"tags":[],"class_list":["post-7653","post","type-post","status-publish","format-standard","has-post-thumbnail","hentry","category-bez-kategorii"],"_links":{"self":[{"href":"https:\/\/www.toptextil.pl\/ro\/wp-json\/wp\/v2\/posts\/7653","targetHints":{"allow":["GET"]}}],"collection":[{"href":"https:\/\/www.toptextil.pl\/ro\/wp-json\/wp\/v2\/posts"}],"about":[{"href":"https:\/\/www.toptextil.pl\/ro\/wp-json\/wp\/v2\/types\/post"}],"author":[{"embeddable":true,"href":"https:\/\/www.toptextil.pl\/ro\/wp-json\/wp\/v2\/users\/5"}],"replies":[{"embeddable":true,"href":"https:\/\/www.toptextil.pl\/ro\/wp-json\/wp\/v2\/comments?post=7653"}],"version-history":[{"count":14,"href":"https:\/\/www.toptextil.pl\/ro\/wp-json\/wp\/v2\/posts\/7653\/revisions"}],"predecessor-version":[{"id":7848,"href":"https:\/\/www.toptextil.pl\/ro\/wp-json\/wp\/v2\/posts\/7653\/revisions\/7848"}],"wp:featuredmedia":[{"embeddable":true,"href":"https:\/\/www.toptextil.pl\/ro\/wp-json\/wp\/v2\/media\/7821"}],"wp:attachment":[{"href":"https:\/\/www.toptextil.pl\/ro\/wp-json\/wp\/v2\/media?parent=7653"}],"wp:term":[{"taxonomy":"category","embeddable":true,"href":"https:\/\/www.toptextil.pl\/ro\/wp-json\/wp\/v2\/categories?post=7653"},{"taxonomy":"post_tag","embeddable":true,"href":"https:\/\/www.toptextil.pl\/ro\/wp-json\/wp\/v2\/tags?post=7653"}],"curies":[{"name":"wp","href":"https:\/\/api.w.org\/{rel}","templated":true}]}}